{"id":152,"date":"2024-02-18T01:59:00","date_gmt":"2024-02-18T01:59:00","guid":{"rendered":"https:\/\/avaliacao.info\/noticias\/?p=152"},"modified":"2024-02-17T20:04:07","modified_gmt":"2024-02-17T20:04:07","slug":"historia-da-arquitetura-conheca-os-principais-capitulos","status":"publish","type":"post","link":"https:\/\/avaliacao.info\/noticias\/2024\/02\/18\/historia-da-arquitetura-conheca-os-principais-capitulos\/","title":{"rendered":"Hist\u00f3ria da arquitetura: conhe\u00e7a os principais cap\u00edtulos"},"content":{"rendered":"<p>Muito pelo contr\u00e1rio, \u00e9 um procedimento padronizado e que visa atender \u00e0s condi\u00e7\u00f5es impostas pelos materiais. Afinal, empresas e profissionais que sabem trabalhar apenas com um m\u00e9todo construtivo t\u00eam desvantagens pois n\u00e3o existe apenas uma t\u00e9cnica ou procedimento que seja indicado para todas as situa\u00e7\u00f5es existentes. Essa nova era na hist\u00f3ria da arquitetura, o Classicismo (redescoberto) e o Humanismo foram de grande ajuda para que os renascentistas criassem seu pr\u00f3prio estilo. Outras caracter\u00edsticas do estilo g\u00f3tico s\u00e3o a espessura fina das paredes e muitas janelas com bastante ilumina\u00e7\u00e3o interna, indo contra o estilo mais fechado do rom\u00e2nico. N\u00e3o podemos esquecer tamb\u00e9m das famosas g\u00e1rgulas que se penduravam nas altas quinas das igrejas, e das catedrais para servirem como desaguadouros.<\/p>\n<p>O Sotsgorod e planejamento urbano<br \/>\nApesar da ambi\u00e7\u00e3o de muitas propostas construtivas para cidades reconstru\u00eddas, havia poucos exemplos de planejamento urbano construtivo e coerente. No entanto, o distrito Narvskaya Zastava de Leningrado tornou-se um foco para o construtivismo. A partir de 1925, a habita\u00e7\u00e3o comunal <a href=\"https:\/\/archshop.com.br\/\" rel=\"nofollow\">plantas de casas<\/a> foi projetada para a \u00e1rea por arquitetos como A. Gegello e Alexander Nikolsky da OSA, bem como pr\u00e9dios p\u00fablicos como a Prefeitura de Kirov por Noi Trotsky (1932-4), uma escola experimental de GA Simonov e uma s\u00e9rie de Lavanderias e cozinhas comunit\u00e1rias, projetadas para a \u00e1rea por membros locais da ASNOVA.<\/p>\n<p>O local escolhido tamb\u00e9m era uma quest\u00e3o importante para os gregos antigos, os templos sempre eram erguidos em terrenos altos para serem vistos de diferentes \u00e2ngulos, por todo mundo e em locais onde a luz pudesse real\u00e7ar ainda mais a beleza da arquitetura da constru\u00e7\u00e3o. A hist\u00f3ria da arquitetura existe desde os prim\u00f3rdios da hist\u00f3ria da humanidade. Contudo, a arte da arquitetura e suas t\u00e9cnicas de constru\u00e7\u00e3o de obras pode ter come\u00e7ado muito antes disso. Os arquitetos est\u00e3o explorando t\u00e9cnicas de design bioclim\u00e1tico, materiais sustent\u00e1veis e solu\u00e7\u00f5es inovadoras para reduzir o impacto ambiental dos edif\u00edcios. Al\u00e9m disso, a tecnologia est\u00e1 desempenhando um papel cada vez mais importante na concep\u00e7\u00e3o e constru\u00e7\u00e3o, com a implementa\u00e7\u00e3o de modelagem 3D, intelig\u00eancia artificial e realidade virtual. \u00c9 um m\u00e9todo relativamente novo e se baseia no uso de container para forma\u00e7\u00e3o dos espa\u00e7os.<\/p>\n<p>Essas entidades singulares se uniriam para eventualmente compor o planta baixa. M\u00e9todo construtivo que se baseia na estrutura met\u00e1lica s\u00e3o \u00f3timos para gerar grandes edifica\u00e7\u00f5es, mas seu uso \u00e9 caro e pode ser pouco sustent\u00e1vel, especialmente em pa\u00edses em desenvolvimento. Algumas das principais caracter\u00edsticas dessa arquitetura eram os planos verticais, constru\u00e7\u00f5es altas e pontiagudas, para que a obra possa passar a ideia de aproxima\u00e7\u00e3o ao divino, aos c\u00e9us. O estilo foi propagado pelos monges da Ordem de Cister, e nomeado assim pelos artistas italianos Renascentistas.<\/p>\n<p><a href=\"\"><img decoding=\"async\" class='aligncenter' style='display: block;margin-left:auto;margin-right:auto;' src=\"https:\/\/images.unsplash.com\/photo-1608058204446-1cf0f7d11d38?q=80&#038;w=1000&#038;auto=format&#038;fit=crop&#038;ixlib=rb-4.0.3&#038;ixid=M3wxMjA3fDB8MHxzZWFyY2h8MTF8fG1hbnMlQzMlQTNvfGVufDB8fDB8fHww\" width=\"305px\" alt=\"Evolu\u00e7\u00e3o dos M\u00e9todos Construtivos na Arquitetura\"\/><\/a><\/p>\n<p>As grandes obras arquitet\u00f4nicas do mundo antigo ajudam a contar para n\u00f3s, os homens contempor\u00e2neos, como essas civiliza\u00e7\u00f5es viviam e no que acreditavam. No come\u00e7o, a hist\u00f3ria da arquitetura est\u00e1 intimamente ligada ao conceito de abrigo \u2014&nbsp;das intemp\u00e9ries, de poss\u00edveis predadores e de outras amea\u00e7as. A arquitetura \u00e9 uma forma de express\u00e3o humana que remonta aos prim\u00f3rdios da civiliza\u00e7\u00e3o. Desde as primeiras habita\u00e7\u00f5es primitivas at\u00e9 os arranha-c\u00e9us futuristas que preenchem nossas paisagens urbanas, a arquitetura  tem sido uma manifesta\u00e7\u00e3o da criatividade, cultura e avan\u00e7o tecnol\u00f3gico de cada \u00e9poca.<\/p>\n<h2>Outros artigos deste autor<\/h2>\n<p>As paredes estruturais foram removidas e substitu\u00eddas por pilotis, liberando o piso t\u00e9rreo e a paisagem. Esse movimento garantiu grande flexibilidade ao espa\u00e7o interno, oferecendo op\u00e7\u00f5es intermin\u00e1veis para a composi\u00e7\u00e3o do espa\u00e7o e, consequentemente, do envelope. Finalmente, tamb\u00e9m por causa da libera\u00e7\u00e3o das paredes estruturais, as janelas da fachada foram ampliadas e cresceram horizontalmente, garantindo bastante luz natural. Segundo Le Corbusier, &#8220;a luz cria ambi\u00eancia e senso de lugar, bem como a express\u00e3o de uma estrutura&#8221;. Come\u00e7ou a ser utilizado desde meados do s\u00e9culo XIX e come\u00e7ou a ganhar popularidade com os esfor\u00e7os das ind\u00fastrias em demonstr\u00e1-lo em exposi\u00e7\u00f5es realizadas em todo o mundo. Abordaremos sobre o que \u00e9 m\u00e9todo construtivo, e faremos a reflex\u00e3o sobre qual o melhor m\u00e9todo existente.<\/p>\n<h3>Arquitetura g\u00f3tica<\/h3>\n<p>Os apartamentos duplex e instala\u00e7\u00f5es coletivas do grupo OSA foram uma grande influ\u00eancia em seu trabalho posterior. Outro famoso modernista, Erich Mendelsohn, projetou a Red Banner Textile Factory, de Leningrado, e popularizou o construtivismo em seu livro Russland, Europa, Amerika. Um  projeto do Plano de Cinco Anos com grande contribui\u00e7\u00e3o Construtivista foi o DnieproGES, <a href=\"https:\/\/archshop.com.br\/\" rel=\"nofollow\">planta pronta<\/a> projetado por Victor Vesnin et al. El Lissitzky tamb\u00e9m popularizou o estilo no exterior com seu livro de 1930, The Reconstruction of Architecture in Russia. Ao mesmo tempo em que essa incurs\u00e3o no cotidiano, projetos estranhos foram projetados, como o Instituto Lenin de Ivan Leonidov, um trabalho de alta tecnologia que se compara a Buckminster Fuller.<\/p>\n<h3>Egito Antigo<\/h3>\n<p>Shukhov tamb\u00e9m colaborou com Melnikov na Bakhmetevsky Bus Garage e na Novo-Ryazanskaya Street Garage. Muitos destes edif\u00edcios s\u00e3o mostrados no filme de Sergei Eisenstein, The General Line, que tamb\u00e9m contou com uma fazenda coletiva Construtivista, constru\u00edda especificamente por Andrey Burov. A arquitetura g\u00f3tica se focou muito na constru\u00e7\u00e3o de igrejas, catedrais, bas\u00edlicas e mosteiros, sendo tamb\u00e9m conhecida como a arte das catedrais. A Idade M\u00e9dia tamb\u00e9m foi chamada como a Idade das trevas gra\u00e7as ao retrocesso intelectual, art\u00edstico, filos\u00f3fico e cientifico provocado pelo forte fanatismo religioso da Igreja Medieval Cat\u00f3lica. Por isso, a arquitetura dessa \u00e9poca se voltava em construir grandes igrejas que pareciam tocar os c\u00e9us, e espa\u00e7osas o suficiente para abrigar o m\u00e1ximo de fi\u00e9is poss\u00edvel.<\/p>\n<p>Construtivismo ocidental<br \/>\nOs contatos de El Lissitzky na Alemanha, Su\u00ed\u00e7a e Holanda, bem como o impacto do Pavilh\u00e3o de Paris de Melnikov, levaram muitos arquitetos de fora da URSS a considerar seu trabalho como construtivista no final da d\u00e9cada de 1920. Arquitetos da Nova Objetividade, como os colaboradores de Lissitzky, Mart Stam, e o Grupo ABC, liderados por Hannes Meyer, abra\u00e7aram a geometria severa do Construtivismo e a est\u00e9tica tecnologicamente avan\u00e7ada, apesar de seu afastamento de seu contexto original. A ideia de modernidade surge como um ide\u00e1rio ligado a uma nova sociedade, com nova educa\u00e7\u00e3o est\u00e9tica, rela\u00e7\u00f5es sociais e tamb\u00e9m desigualdades. A arquitetura passa a sintetizar todas as artes, definindo os espa\u00e7os da vida cotidiana e&nbsp;desenvolvendo todo o ambiente habit\u00e1vel, desde os utens\u00edlios dom\u00e9sticos at\u00e9 a cidade. A Idade M\u00e9dia vai do s\u00e9culo V ao s\u00e9culo XV \u2014 ou seja, dez&nbsp;s\u00e9culos \u2014,&nbsp;sendo essa a fase de constru\u00e7\u00e3o das principais igrejas na hist\u00f3ria da arquitetura mundial, como a Catedral de Notre-Dame, em Paris, erguida entre 1163 e 1345. Al\u00e9m dessas, existem in\u00fameras outras contribui\u00e7\u00f5es dos romanos para a hist\u00f3ria da arquitetura e o desenvolvimento dos conhecimentos de constru\u00e7\u00e3o, incluindo a concep\u00e7\u00e3o espacial herdada dessa sociedade.<\/p>\n","protected":false},"excerpt":{"rendered":"<p>Muito pelo contr\u00e1rio, \u00e9 um procedimento padronizado e que visa atender \u00e0s condi\u00e7\u00f5es impostas pelos materiais. Afinal, empresas e profissionais que sabem trabalhar apenas com um m\u00e9todo construtivo t\u00eam desvantagens pois n\u00e3o existe apenas uma t\u00e9cnica ou procedimento que seja indicado para todas as situa\u00e7\u00f5es existentes. Essa nova era na hist\u00f3ria da arquitetura, o Classicismo [&hellip;]<\/p>\n","protected":false},"author":1,"featured_media":0,"comment_status":"closed","ping_status":"open","sticky":false,"template":"","format":"standard","meta":{"footnotes":""},"categories":[1],"tags":[12,15,13,11,14],"class_list":["post-152","post","type-post","status-publish","format-standard","hentry","category-uncategorized","tag-arquitetura","tag-capitulos","tag-conheca","tag-historia","tag-principais"],"yoast_head":"<!-- This site is optimized with the Yoast SEO plugin v26.9 - https:\/\/yoast.com\/product\/yoast-seo-wordpress\/ -->\n<title>Hist\u00f3ria da arquitetura: conhe\u00e7a os principais cap\u00edtulos<\/title>\n<meta name=\"description\" content=\"Muito pelo contr\u00e1rio, \u00e9 um procedimento padronizado e que visa atender \u00e0s condi\u00e7\u00f5es impostas pelos materiais. Afinal, empresas e profissionais que sabem\" \/>\n<meta name=\"robots\" content=\"index, follow, max-snippet:-1, max-image-preview:large, max-video-preview:-1\" \/>\n<link rel=\"canonical\" href=\"https:\/\/avaliacao.info\/noticias\/2024\/02\/18\/historia-da-arquitetura-conheca-os-principais-capitulos\/\" \/>\n<meta property=\"og:locale\" content=\"pt_BR\" \/>\n<meta property=\"og:type\" content=\"article\" \/>\n<meta property=\"og:title\" content=\"Hist\u00f3ria da arquitetura: conhe\u00e7a os principais cap\u00edtulos\" \/>\n<meta property=\"og:description\" content=\"Muito pelo contr\u00e1rio, \u00e9 um procedimento padronizado e que visa atender \u00e0s condi\u00e7\u00f5es impostas pelos materiais. Afinal, empresas e profissionais que sabem\" \/>\n<meta property=\"og:url\" content=\"https:\/\/avaliacao.info\/noticias\/2024\/02\/18\/historia-da-arquitetura-conheca-os-principais-capitulos\/\" \/>\n<meta property=\"og:site_name\" content=\"Noticias\" \/>\n<meta property=\"article:published_time\" content=\"2024-02-18T01:59:00+00:00\" \/>\n<meta property=\"og:image\" content=\"https:\/\/images.unsplash.com\/photo-1608058204446-1cf0f7d11d38?q=80&w=1000&auto=format&fit=crop&ixlib=rb-4.0.3&ixid=M3wxMjA3fDB8MHxzZWFyY2h8MTF8fG1hbnMlQzMlQTNvfGVufDB8fDB8fHww\" \/>\n<meta name=\"author\" content=\"Avaliador\" \/>\n<meta name=\"twitter:card\" content=\"summary_large_image\" \/>\n<meta name=\"twitter:label1\" content=\"Escrito por\" \/>\n\t<meta name=\"twitter:data1\" content=\"Avaliador\" \/>\n<script type=\"application\/ld+json\" class=\"yoast-schema-graph\">{\"@context\":\"https:\/\/schema.org\",\"@graph\":[{\"@type\":\"Article\",\"@id\":\"https:\/\/avaliacao.info\/noticias\/2024\/02\/18\/historia-da-arquitetura-conheca-os-principais-capitulos\/#article\",\"isPartOf\":{\"@id\":\"https:\/\/avaliacao.info\/noticias\/2024\/02\/18\/historia-da-arquitetura-conheca-os-principais-capitulos\/\"},\"author\":{\"name\":\"Avaliador\",\"@id\":\"https:\/\/avaliacao.info\/noticias\/#\/schema\/person\/dd51b3a0a1f308fed292f0cdde27fd01\"},\"headline\":\"Hist\u00f3ria da arquitetura: conhe\u00e7a os principais cap\u00edtulos\",\"datePublished\":\"2024-02-18T01:59:00+00:00\",\"mainEntityOfPage\":{\"@id\":\"https:\/\/avaliacao.info\/noticias\/2024\/02\/18\/historia-da-arquitetura-conheca-os-principais-capitulos\/\"},\"wordCount\":1236,\"image\":{\"@id\":\"https:\/\/avaliacao.info\/noticias\/2024\/02\/18\/historia-da-arquitetura-conheca-os-principais-capitulos\/#primaryimage\"},\"thumbnailUrl\":\"https:\/\/images.unsplash.com\/photo-1608058204446-1cf0f7d11d38?q=80&w=1000&auto=format&fit=crop&ixlib=rb-4.0.3&ixid=M3wxMjA3fDB8MHxzZWFyY2h8MTF8fG1hbnMlQzMlQTNvfGVufDB8fDB8fHww\",\"keywords\":[\"arquitetura\",\"cap\u00edtulos\",\"conhe\u00e7a\",\"hist\u00f3ria\",\"principais\"],\"articleSection\":[\"Uncategorized\"],\"inLanguage\":\"pt-BR\"},{\"@type\":\"WebPage\",\"@id\":\"https:\/\/avaliacao.info\/noticias\/2024\/02\/18\/historia-da-arquitetura-conheca-os-principais-capitulos\/\",\"url\":\"https:\/\/avaliacao.info\/noticias\/2024\/02\/18\/historia-da-arquitetura-conheca-os-principais-capitulos\/\",\"name\":\"Hist\u00f3ria da arquitetura: conhe\u00e7a os principais cap\u00edtulos\",\"isPartOf\":{\"@id\":\"https:\/\/avaliacao.info\/noticias\/#website\"},\"primaryImageOfPage\":{\"@id\":\"https:\/\/avaliacao.info\/noticias\/2024\/02\/18\/historia-da-arquitetura-conheca-os-principais-capitulos\/#primaryimage\"},\"image\":{\"@id\":\"https:\/\/avaliacao.info\/noticias\/2024\/02\/18\/historia-da-arquitetura-conheca-os-principais-capitulos\/#primaryimage\"},\"thumbnailUrl\":\"https:\/\/images.unsplash.com\/photo-1608058204446-1cf0f7d11d38?q=80&w=1000&auto=format&fit=crop&ixlib=rb-4.0.3&ixid=M3wxMjA3fDB8MHxzZWFyY2h8MTF8fG1hbnMlQzMlQTNvfGVufDB8fDB8fHww\",\"datePublished\":\"2024-02-18T01:59:00+00:00\",\"author\":{\"@id\":\"https:\/\/avaliacao.info\/noticias\/#\/schema\/person\/dd51b3a0a1f308fed292f0cdde27fd01\"},\"description\":\"Muito pelo contr\u00e1rio, \u00e9 um procedimento padronizado e que visa atender \u00e0s condi\u00e7\u00f5es impostas pelos materiais. Afinal, empresas e profissionais que sabem\",\"breadcrumb\":{\"@id\":\"https:\/\/avaliacao.info\/noticias\/2024\/02\/18\/historia-da-arquitetura-conheca-os-principais-capitulos\/#breadcrumb\"},\"inLanguage\":\"pt-BR\",\"potentialAction\":[{\"@type\":\"ReadAction\",\"target\":[\"https:\/\/avaliacao.info\/noticias\/2024\/02\/18\/historia-da-arquitetura-conheca-os-principais-capitulos\/\"]}]},{\"@type\":\"ImageObject\",\"inLanguage\":\"pt-BR\",\"@id\":\"https:\/\/avaliacao.info\/noticias\/2024\/02\/18\/historia-da-arquitetura-conheca-os-principais-capitulos\/#primaryimage\",\"url\":\"https:\/\/images.unsplash.com\/photo-1608058204446-1cf0f7d11d38?q=80&w=1000&auto=format&fit=crop&ixlib=rb-4.0.3&ixid=M3wxMjA3fDB8MHxzZWFyY2h8MTF8fG1hbnMlQzMlQTNvfGVufDB8fDB8fHww\",\"contentUrl\":\"https:\/\/images.unsplash.com\/photo-1608058204446-1cf0f7d11d38?q=80&w=1000&auto=format&fit=crop&ixlib=rb-4.0.3&ixid=M3wxMjA3fDB8MHxzZWFyY2h8MTF8fG1hbnMlQzMlQTNvfGVufDB8fDB8fHww\"},{\"@type\":\"BreadcrumbList\",\"@id\":\"https:\/\/avaliacao.info\/noticias\/2024\/02\/18\/historia-da-arquitetura-conheca-os-principais-capitulos\/#breadcrumb\",\"itemListElement\":[{\"@type\":\"ListItem\",\"position\":1,\"name\":\"In\u00edcio\",\"item\":\"https:\/\/avaliacao.info\/noticias\/\"},{\"@type\":\"ListItem\",\"position\":2,\"name\":\"Hist\u00f3ria da arquitetura: conhe\u00e7a os principais cap\u00edtulos\"}]},{\"@type\":\"WebSite\",\"@id\":\"https:\/\/avaliacao.info\/noticias\/#website\",\"url\":\"https:\/\/avaliacao.info\/noticias\/\",\"name\":\"Noticias\",\"description\":\"Avalia\u00e7\u00f5es, informa\u00e7\u00f5es e not\u00edcias\",\"potentialAction\":[{\"@type\":\"SearchAction\",\"target\":{\"@type\":\"EntryPoint\",\"urlTemplate\":\"https:\/\/avaliacao.info\/noticias\/?s={search_term_string}\"},\"query-input\":{\"@type\":\"PropertyValueSpecification\",\"valueRequired\":true,\"valueName\":\"search_term_string\"}}],\"inLanguage\":\"pt-BR\"},{\"@type\":\"Person\",\"@id\":\"https:\/\/avaliacao.info\/noticias\/#\/schema\/person\/dd51b3a0a1f308fed292f0cdde27fd01\",\"name\":\"Avaliador\",\"image\":{\"@type\":\"ImageObject\",\"inLanguage\":\"pt-BR\",\"@id\":\"https:\/\/avaliacao.info\/noticias\/#\/schema\/person\/image\/\",\"url\":\"https:\/\/secure.gravatar.com\/avatar\/7547e05b00273fe80d160fb59abaf7b69077fb73f0db5ef125ee78ff27f329b7?s=96&d=mm&r=g\",\"contentUrl\":\"https:\/\/secure.gravatar.com\/avatar\/7547e05b00273fe80d160fb59abaf7b69077fb73f0db5ef125ee78ff27f329b7?s=96&d=mm&r=g\",\"caption\":\"Avaliador\"},\"sameAs\":[\"https:\/\/avaliacao.info\/noticias\"],\"url\":\"https:\/\/avaliacao.info\/noticias\/author\/avaliador\/\"}]}<\/script>\n<!-- \/ Yoast SEO plugin. -->","yoast_head_json":{"title":"Hist\u00f3ria da arquitetura: conhe\u00e7a os principais cap\u00edtulos","description":"Muito pelo contr\u00e1rio, \u00e9 um procedimento padronizado e que visa atender \u00e0s condi\u00e7\u00f5es impostas pelos materiais. Afinal, empresas e profissionais que sabem","robots":{"index":"index","follow":"follow","max-snippet":"max-snippet:-1","max-image-preview":"max-image-preview:large","max-video-preview":"max-video-preview:-1"},"canonical":"https:\/\/avaliacao.info\/noticias\/2024\/02\/18\/historia-da-arquitetura-conheca-os-principais-capitulos\/","og_locale":"pt_BR","og_type":"article","og_title":"Hist\u00f3ria da arquitetura: conhe\u00e7a os principais cap\u00edtulos","og_description":"Muito pelo contr\u00e1rio, \u00e9 um procedimento padronizado e que visa atender \u00e0s condi\u00e7\u00f5es impostas pelos materiais. Afinal, empresas e profissionais que sabem","og_url":"https:\/\/avaliacao.info\/noticias\/2024\/02\/18\/historia-da-arquitetura-conheca-os-principais-capitulos\/","og_site_name":"Noticias","article_published_time":"2024-02-18T01:59:00+00:00","og_image":[{"url":"https:\/\/images.unsplash.com\/photo-1608058204446-1cf0f7d11d38?q=80&w=1000&auto=format&fit=crop&ixlib=rb-4.0.3&ixid=M3wxMjA3fDB8MHxzZWFyY2h8MTF8fG1hbnMlQzMlQTNvfGVufDB8fDB8fHww","type":"","width":"","height":""}],"author":"Avaliador","twitter_card":"summary_large_image","twitter_misc":{"Escrito por":"Avaliador"},"schema":{"@context":"https:\/\/schema.org","@graph":[{"@type":"Article","@id":"https:\/\/avaliacao.info\/noticias\/2024\/02\/18\/historia-da-arquitetura-conheca-os-principais-capitulos\/#article","isPartOf":{"@id":"https:\/\/avaliacao.info\/noticias\/2024\/02\/18\/historia-da-arquitetura-conheca-os-principais-capitulos\/"},"author":{"name":"Avaliador","@id":"https:\/\/avaliacao.info\/noticias\/#\/schema\/person\/dd51b3a0a1f308fed292f0cdde27fd01"},"headline":"Hist\u00f3ria da arquitetura: conhe\u00e7a os principais cap\u00edtulos","datePublished":"2024-02-18T01:59:00+00:00","mainEntityOfPage":{"@id":"https:\/\/avaliacao.info\/noticias\/2024\/02\/18\/historia-da-arquitetura-conheca-os-principais-capitulos\/"},"wordCount":1236,"image":{"@id":"https:\/\/avaliacao.info\/noticias\/2024\/02\/18\/historia-da-arquitetura-conheca-os-principais-capitulos\/#primaryimage"},"thumbnailUrl":"https:\/\/images.unsplash.com\/photo-1608058204446-1cf0f7d11d38?q=80&w=1000&auto=format&fit=crop&ixlib=rb-4.0.3&ixid=M3wxMjA3fDB8MHxzZWFyY2h8MTF8fG1hbnMlQzMlQTNvfGVufDB8fDB8fHww","keywords":["arquitetura","cap\u00edtulos","conhe\u00e7a","hist\u00f3ria","principais"],"articleSection":["Uncategorized"],"inLanguage":"pt-BR"},{"@type":"WebPage","@id":"https:\/\/avaliacao.info\/noticias\/2024\/02\/18\/historia-da-arquitetura-conheca-os-principais-capitulos\/","url":"https:\/\/avaliacao.info\/noticias\/2024\/02\/18\/historia-da-arquitetura-conheca-os-principais-capitulos\/","name":"Hist\u00f3ria da arquitetura: conhe\u00e7a os principais cap\u00edtulos","isPartOf":{"@id":"https:\/\/avaliacao.info\/noticias\/#website"},"primaryImageOfPage":{"@id":"https:\/\/avaliacao.info\/noticias\/2024\/02\/18\/historia-da-arquitetura-conheca-os-principais-capitulos\/#primaryimage"},"image":{"@id":"https:\/\/avaliacao.info\/noticias\/2024\/02\/18\/historia-da-arquitetura-conheca-os-principais-capitulos\/#primaryimage"},"thumbnailUrl":"https:\/\/images.unsplash.com\/photo-1608058204446-1cf0f7d11d38?q=80&w=1000&auto=format&fit=crop&ixlib=rb-4.0.3&ixid=M3wxMjA3fDB8MHxzZWFyY2h8MTF8fG1hbnMlQzMlQTNvfGVufDB8fDB8fHww","datePublished":"2024-02-18T01:59:00+00:00","author":{"@id":"https:\/\/avaliacao.info\/noticias\/#\/schema\/person\/dd51b3a0a1f308fed292f0cdde27fd01"},"description":"Muito pelo contr\u00e1rio, \u00e9 um procedimento padronizado e que visa atender \u00e0s condi\u00e7\u00f5es impostas pelos materiais. Afinal, empresas e profissionais que sabem","breadcrumb":{"@id":"https:\/\/avaliacao.info\/noticias\/2024\/02\/18\/historia-da-arquitetura-conheca-os-principais-capitulos\/#breadcrumb"},"inLanguage":"pt-BR","potentialAction":[{"@type":"ReadAction","target":["https:\/\/avaliacao.info\/noticias\/2024\/02\/18\/historia-da-arquitetura-conheca-os-principais-capitulos\/"]}]},{"@type":"ImageObject","inLanguage":"pt-BR","@id":"https:\/\/avaliacao.info\/noticias\/2024\/02\/18\/historia-da-arquitetura-conheca-os-principais-capitulos\/#primaryimage","url":"https:\/\/images.unsplash.com\/photo-1608058204446-1cf0f7d11d38?q=80&w=1000&auto=format&fit=crop&ixlib=rb-4.0.3&ixid=M3wxMjA3fDB8MHxzZWFyY2h8MTF8fG1hbnMlQzMlQTNvfGVufDB8fDB8fHww","contentUrl":"https:\/\/images.unsplash.com\/photo-1608058204446-1cf0f7d11d38?q=80&w=1000&auto=format&fit=crop&ixlib=rb-4.0.3&ixid=M3wxMjA3fDB8MHxzZWFyY2h8MTF8fG1hbnMlQzMlQTNvfGVufDB8fDB8fHww"},{"@type":"BreadcrumbList","@id":"https:\/\/avaliacao.info\/noticias\/2024\/02\/18\/historia-da-arquitetura-conheca-os-principais-capitulos\/#breadcrumb","itemListElement":[{"@type":"ListItem","position":1,"name":"In\u00edcio","item":"https:\/\/avaliacao.info\/noticias\/"},{"@type":"ListItem","position":2,"name":"Hist\u00f3ria da arquitetura: conhe\u00e7a os principais cap\u00edtulos"}]},{"@type":"WebSite","@id":"https:\/\/avaliacao.info\/noticias\/#website","url":"https:\/\/avaliacao.info\/noticias\/","name":"Noticias","description":"Avalia\u00e7\u00f5es, informa\u00e7\u00f5es e not\u00edcias","potentialAction":[{"@type":"SearchAction","target":{"@type":"EntryPoint","urlTemplate":"https:\/\/avaliacao.info\/noticias\/?s={search_term_string}"},"query-input":{"@type":"PropertyValueSpecification","valueRequired":true,"valueName":"search_term_string"}}],"inLanguage":"pt-BR"},{"@type":"Person","@id":"https:\/\/avaliacao.info\/noticias\/#\/schema\/person\/dd51b3a0a1f308fed292f0cdde27fd01","name":"Avaliador","image":{"@type":"ImageObject","inLanguage":"pt-BR","@id":"https:\/\/avaliacao.info\/noticias\/#\/schema\/person\/image\/","url":"https:\/\/secure.gravatar.com\/avatar\/7547e05b00273fe80d160fb59abaf7b69077fb73f0db5ef125ee78ff27f329b7?s=96&d=mm&r=g","contentUrl":"https:\/\/secure.gravatar.com\/avatar\/7547e05b00273fe80d160fb59abaf7b69077fb73f0db5ef125ee78ff27f329b7?s=96&d=mm&r=g","caption":"Avaliador"},"sameAs":["https:\/\/avaliacao.info\/noticias"],"url":"https:\/\/avaliacao.info\/noticias\/author\/avaliador\/"}]}},"_links":{"self":[{"href":"https:\/\/avaliacao.info\/noticias\/wp-json\/wp\/v2\/posts\/152","targetHints":{"allow":["GET"]}}],"collection":[{"href":"https:\/\/avaliacao.info\/noticias\/wp-json\/wp\/v2\/posts"}],"about":[{"href":"https:\/\/avaliacao.info\/noticias\/wp-json\/wp\/v2\/types\/post"}],"author":[{"embeddable":true,"href":"https:\/\/avaliacao.info\/noticias\/wp-json\/wp\/v2\/users\/1"}],"replies":[{"embeddable":true,"href":"https:\/\/avaliacao.info\/noticias\/wp-json\/wp\/v2\/comments?post=152"}],"version-history":[{"count":1,"href":"https:\/\/avaliacao.info\/noticias\/wp-json\/wp\/v2\/posts\/152\/revisions"}],"predecessor-version":[{"id":153,"href":"https:\/\/avaliacao.info\/noticias\/wp-json\/wp\/v2\/posts\/152\/revisions\/153"}],"wp:attachment":[{"href":"https:\/\/avaliacao.info\/noticias\/wp-json\/wp\/v2\/media?parent=152"}],"wp:term":[{"taxonomy":"category","embeddable":true,"href":"https:\/\/avaliacao.info\/noticias\/wp-json\/wp\/v2\/categories?post=152"},{"taxonomy":"post_tag","embeddable":true,"href":"https:\/\/avaliacao.info\/noticias\/wp-json\/wp\/v2\/tags?post=152"}],"curies":[{"name":"wp","href":"https:\/\/api.w.org\/{rel}","templated":true}]}}